{"id":171,"date":"2016-08-20T08:57:04","date_gmt":"2016-08-20T08:57:04","guid":{"rendered":"http:\/\/uwg-uelsen.de\/?p=171"},"modified":"2016-08-20T10:24:52","modified_gmt":"2016-08-20T10:24:52","slug":"geschichtspark-uelser-quellen-von-geert-vrielmann","status":"publish","type":"post","link":"https:\/\/uwg-uelsen.de\/?p=171","title":{"rendered":"Geschichtspark Uelser Quellen (von Geert Vrielmann)"},"content":{"rendered":"<blockquote><p>Als neues Angebot f\u00fcr Besucher plant Uelsen einen Erlebnispfad, der \u00fcber drei Kilometer Stationen mit historischer Bedeutung und Erlebnisstationen an besonders markanten Orten enth\u00e4lt. Die Planung des Pfads ist an Themen wie Gew\u00e4sserschutz ausgerichtet und beinhaltet den Erhalt sowie die Wiederherstellung von naturnahen Fl\u00e4chen.<\/p>\n<p><a href=\"http:\/\/www.presse-niedersachsen.de\/tourismus-mit-zukunft-acht-bewerber-im-landesweiten-wettbewerb-fuer-nachhaltigen-tourismus-nominiert\">Pressemitteilung TourismusMarketing Niedersachsen GmbH (TMN)<\/a><\/p><\/blockquote>\n<p><!--more--><\/p>\n<h6>Was ist der &#8222;Geschichtspark Uelser Quellen&#8220;?<\/h6>\n<p>Ideen fallen nicht vom Himmel. Es war ein langer Prozess mit vielen Gedanken und mit vielen Gespr\u00e4chen. Zuerst im Arbeitskreis Bronzezeithof, dann mit B\u00fcrgermeister J\u00fcrgen Balderhaar, mit den Mitstreitern aus der UWG und auch mit Politikern der anderen Parteien. Der Durchbruch gelang vor zwei Jahren, als aus der Kreisverwaltung in Nordhorn Zustimmung und Unterst\u00fctzung signalisiert wurden.<br \/>\nBeg\u00fcnstigend kommen hinzu:\u00a0Der Erfolg des Bronzezeithofes und die Kooperation mit\u00a0der Naturschutzstiftung Grafschaft Bentheim.<\/p>\n<h6>Welche nat\u00fcrlichen Gegebenheiten sprechen f\u00fcr den Geschichtspark?<\/h6>\n<p>Es gibt wohl kaum einen Ort, in dem die unbebaute Landschaft so weit an das Zentrum heranr\u00fcckt wie in Uelsen. Gleichsam vor den Fenstern des Rathauses weideten noch vor kurzem die K\u00fche im Schatten der Windm\u00fchle. Vom M\u00fchlenberg geht es direkt ins Feriengebiet und in die W\u00e4lder von H\u00f6cklenkamp und Getelo.<br \/>\nDieses Gebiet hat seine urspr\u00fcnglichen Struktur mit einer Vielzahl von kleinparzelligen Grundst\u00fccken aus dem 19. Jahrhundert bis heute bewahrt.<\/p>\n<p><strong>Gew\u00e4sser und Landschaftselemente:<\/strong><\/p>\n<ul>\n<li>Quelle und Oberlauf des Uelser Baches<\/li>\n<li>Linnenbecke mit den Teichen<\/li>\n<li>Heideweiher &#8222;Die Statt&#8220;<\/li>\n<li>Elsbecke<\/li>\n<li>Lasebrok<\/li>\n<li>mageres Weideland<\/li>\n<li>alte Esch\u00e4cker<\/li>\n<li>Wallhecken<\/li>\n<\/ul>\n<p><strong>Denkm\u00e4ler und kulturhistorische\u00a0Gegebenheiten<\/strong><\/p>\n<ul>\n<li>Windm\u00fchle<\/li>\n<li>Transformatorenhaus<\/li>\n<li>Alter Friedhof aus dem 19. Jahrhundert<\/li>\n<li>Wasserm\u00fchle I und II<\/li>\n<li>historische Brunnen<\/li>\n<li>Wasserwerk<\/li>\n<li>Atomschutzkeller<\/li>\n<\/ul>\n<h6>Welche politischen Gegebenheiten sprechen f\u00fcr das Projekt?<\/h6>\n<p>Alle Parteien und die Verwaltung sprechen sich geschlossen daf\u00fcr aus. Die Gemeinde hat das Projekt f\u00fcr den\u00a0<strong>Nieders\u00e4chsischen Nachhaltigkeitspreis 2016<\/strong>\u00a0eingereicht.<\/p>\n<p>Dr\u00fccken wir gemeinsam die Daumen, dass das Projekt beim Wettbewerb als Sieger hervorgeht.<\/p>\n","protected":false},"excerpt":{"rendered":"<p>Als neues Angebot f\u00fcr Besucher plant Uelsen einen Erlebnispfad, der \u00fcber drei Kilometer Stationen mit historischer Bedeutung und Erlebnisstationen an besonders markanten Orten enth\u00e4lt. Die Planung des Pfads ist an Themen wie Gew\u00e4sserschutz ausgerichtet und beinhaltet den Erhalt sowie die Wiederherstellung von naturnahen Fl\u00e4chen. Pressemitteilung TourismusMarketing Niedersachsen GmbH (TMN)<\/p>\n","protected":false},"author":3,"featured_media":0,"comment_status":"open","ping_status":"open","sticky":false,"template":"","format":"standard","meta":[],"categories":[28],"tags":[29,30,4],"_links":{"self":[{"href":"https:\/\/uwg-uelsen.de\/index.php?rest_route=\/wp\/v2\/posts\/171"}],"collection":[{"href":"https:\/\/uwg-uelsen.de\/index.php?rest_route=\/wp\/v2\/posts"}],"about":[{"href":"https:\/\/uwg-uelsen.de\/index.php?rest_route=\/wp\/v2\/types\/post"}],"author":[{"embeddable":true,"href":"https:\/\/uwg-uelsen.de\/index.php?rest_route=\/wp\/v2\/users\/3"}],"replies":[{"embeddable":true,"href":"https:\/\/uwg-uelsen.de\/index.php?rest_route=%2Fwp%2Fv2%2Fcomments&post=171"}],"version-history":[{"count":2,"href":"https:\/\/uwg-uelsen.de\/index.php?rest_route=\/wp\/v2\/posts\/171\/revisions"}],"predecessor-version":[{"id":181,"href":"https:\/\/uwg-uelsen.de\/index.php?rest_route=\/wp\/v2\/posts\/171\/revisions\/181"}],"wp:attachment":[{"href":"https:\/\/uwg-uelsen.de\/index.php?rest_route=%2Fwp%2Fv2%2Fmedia&parent=171"}],"wp:term":[{"taxonomy":"category","embeddable":true,"href":"https:\/\/uwg-uelsen.de\/index.php?rest_route=%2Fwp%2Fv2%2Fcategories&post=171"},{"taxonomy":"post_tag","embeddable":true,"href":"https:\/\/uwg-uelsen.de\/index.php?rest_route=%2Fwp%2Fv2%2Ftags&post=171"}],"curies":[{"name":"wp","href":"https:\/\/api.w.org\/{rel}","templated":true}]}}